{"id":652,"date":"2022-05-09T17:47:54","date_gmt":"2022-05-09T17:47:54","guid":{"rendered":"https:\/\/www.sititev.com.br\/?p=652"},"modified":"2022-05-09T17:47:54","modified_gmt":"2022-05-09T17:47:54","slug":"aposentadoria-por-invelidez-quais-tipos-de-deficiencia-podem-garantir-a-aprovacao-da-aposentadoria","status":"publish","type":"post","link":"https:\/\/www.sititev.com.br\/?p=652","title":{"rendered":"APOSENTADORIA POR INVELIDEZ: Quais tipos de defici\u00eancia podem garantir a aprova\u00e7\u00e3o da aposentadoria?"},"content":{"rendered":"\n<p>Por vezes a&nbsp;aposentadoria&nbsp;pode ser um desejo do trabalhador, a cereja no topo do bolo para encerrar uma carreira de sucesso. Mas tamb\u00e9m h\u00e1 casos em que o benef\u00edcio \u00e9 uma necessidade para aliviar o esfor\u00e7o e sofrimento dos trabalhadores que enfrentam graves problemas de sa\u00fade e ainda assim precisam se submeter \u00e0 atividade laboral por n\u00e3o possu\u00edrem uma fonte de renda alternativa.&nbsp;<\/p>\n\n\n\n<p>\u00c9 em casos como esse que a aten\u00e7\u00e3o aos benef\u00edcios pagos pelo Instituto Nacional do Seguro Social (INSS) deve ser redobrada. Isso porque, existem benef\u00edcios cuja concess\u00e3o est\u00e1 condicionada a doen\u00e7as e defici\u00eancias.<\/p>\n\n\n\n<p>Um exemplo \u00e9 a&nbsp;aposentadoria&nbsp;por invalidez, ou aposentadoria por incapacidade permanente, como foi oficialmente denominada ap\u00f3s a reforma da previd\u00eancia.<\/p>\n\n\n\n<p><strong>Aposentadoria por invalidez<\/strong><\/p>\n\n\n\n<p>Normalmente, a&nbsp;aposentadoria&nbsp;por invalidez est\u00e1 relacionada a problemas de sa\u00fade mais graves, sejam eles f\u00edsicos, mentais, bem como aqueles provocados por algum acidente de trabalho.<\/p>\n\n\n\n<p>A vantagem deste modelo de benef\u00edcio \u00e9 que o segurado adquire o direito de receb\u00ea-lo mesmo quando ainda n\u00e3o cumpriu o per\u00edodo de car\u00eancia m\u00ednimo designado na hip\u00f3tese de uma&nbsp;aposentadoria&nbsp;convencional.<\/p>\n\n\n\n<p>Devido ao estado de sa\u00fade do segurado, \u00e9 poss\u00edvel se aposentar por invalidez antes de cumprir o que seria o tempo necess\u00e1rio para a&nbsp;aposentadoria&nbsp;comum. O empecilho consiste no fato de que, justamente por se tratar de um benef\u00edcio voltado a condi\u00e7\u00f5es espec\u00edficas, sua concess\u00e3o n\u00e3o \u00e9 t\u00e3o simples assim, requerendo o cumprimento de determinados requisitos.&nbsp;<\/p>\n\n\n\n<p><strong>A quem essa aposentadoria se direciona?<\/strong><\/p>\n\n\n\n<p>O direito a este modelo de&nbsp;aposentadoria&nbsp;\u00e9 adquirido pelo segurado que se enquadra em uma s\u00e9rie de requisitos a car\u00e1ter de incapacidade total e permanente. \u00c9 importante explicar que, a incapacidade total \u00e9 aquela na qual o segurado n\u00e3o est\u00e1 em condi\u00e7\u00f5es de retornar ao trabalho que exercia anteriormente, e tamb\u00e9m que n\u00e3o pode ser readaptado.&nbsp;<\/p>\n\n\n\n<p>Vale ressaltar que a readapta\u00e7\u00e3o acontece na ocasi\u00e3o em que o segurado n\u00e3o est\u00e1 em condi\u00e7\u00f5es de voltar \u00e0s atividades que exercia anteriormente, no entanto, pode se readaptar em outras fun\u00e7\u00f5es que se adequem \u00e0 atual condi\u00e7\u00e3o de sa\u00fade. Al\u00e9m de total, \u00e9 essencial que a incapacidade tamb\u00e9m seja permanente, ou seja, deve ser considerada incur\u00e1vel, irrevers\u00edvel ou sem previs\u00e3o de recupera\u00e7\u00e3o.&nbsp;<\/p>\n\n\n\n<p>A maior parte dos segurados com direito \u00e0&nbsp;aposentadoria&nbsp;por invalidez, normalmente identificam essa possibilidade enquanto recebem o aux\u00edlio-doen\u00e7a e fazem o devido tratamento. Contudo, a partir do momento em que se constata a impossibilidade de uma melhora, o segurado pode requerer a convers\u00e3o do aux\u00edlio-doen\u00e7a para aposentadoria por invalidez.&nbsp;<\/p>\n\n\n\n<p>Para solicitar este benef\u00edcio, os documentos necess\u00e1rios devem ser os mesmos que foram apresentados no aux\u00edlio-doen\u00e7a, a distin\u00e7\u00e3o \u00e9 que neste caso os documentos devem comprovar a incapacidade total e permanente do segurado.<\/p>\n\n\n\n<p><strong>Prazo necess\u00e1rio para concess\u00e3o desta aposentadoria\u00a0<\/strong><\/p>\n\n\n\n<p>Este fator ir\u00e1 depender da situa\u00e7\u00e3o de cada segurado, isso porque, normalmente o INSS exige o m\u00ednimo de 12 contribui\u00e7\u00f5es mensais para que o benef\u00edcio seja concedido. Por outro lado, existem duas alternativas nas quais n\u00e3o h\u00e1 a exig\u00eancia da car\u00eancia.&nbsp;<\/p>\n\n\n\n<p>A primeira \u00e9 na circunst\u00e2ncia do acidente ou doen\u00e7a de trabalho, destacando que todas as doen\u00e7as incapacitantes cuja causa tenha sido o exerc\u00edcio das fun\u00e7\u00f5es laborais, se trata de uma doen\u00e7a ocupacional, ou seja, o surgimento ocorreu em virtude do trabalho.&nbsp;<\/p>\n\n\n\n<p>Ressaltando que o acidente de trabalho \u00e9 aquele que acontece nas depend\u00eancias da empresa, ou at\u00e9 mesmo fora dela, desde que o segurado esteja em exerc\u00edcio das atividades laborais.<\/p>\n\n\n\n<p>J\u00e1 a segunda circunst\u00e2ncia que dispensa o cumprimento do per\u00edodo de car\u00eancia \u00e9 quando o segurado \u00e9 acometido por alguma mol\u00e9stia grave, expressamente definida por uma lista elaborada pelo Minist\u00e9rio da Sa\u00fade.<\/p>\n\n\n\n<p><strong>Quais defici\u00eancias e doen\u00e7as d\u00e3o direito a esta aposentadoria?<\/strong><\/p>\n\n\n\n<p>As mol\u00e9stias graves designadas pelo minist\u00e9rio, concedendo do direito \u00e0&nbsp;aposentadoria&nbsp;do INSS, s\u00e3o:<\/p>\n\n\n\n<ul class=\"wp-block-list\"><li>AIDS (S\u00edndrome da Imunodefici\u00eancia Adquirida);<\/li><li>Aliena\u00e7\u00e3o mental;<\/li><li>Cardiopatia grave;<\/li><li>Cegueira (inclusive monocular);<\/li><li>Contamina\u00e7\u00e3o por radia\u00e7\u00e3o;<\/li><li>Doen\u00e7a de Paget em estados avan\u00e7ados (Oste\u00edte Deformante);<\/li><li>Doen\u00e7a de Parkinson;<\/li><li>Esclerose m\u00faltipla;<\/li><li>Espondiloartrose anquilosante;<\/li><li>Fibrose c\u00edstica (Mucoviscidose);<\/li><li>Hansen\u00edase;<\/li><li>Nefropatia grave;<\/li><li>Hepatopatia grave;<\/li><li>Neoplasia maligna (c\u00e2ncer);<\/li><li>Paralisia irrevers\u00edvel e incapacitante;<\/li><\/ul>\n\n\n\n<p>Tuberculose ativa.<\/p>\n","protected":false},"excerpt":{"rendered":"<p>Por vezes a&nbsp;aposentadoria&nbsp;pode ser um desejo do trabalhador, a cereja no topo do bolo para encerrar uma carreira de sucesso. Mas tamb\u00e9m h\u00e1 casos em que o benef\u00edcio \u00e9 uma<span class=\"excerpt-hellip\"> [\u2026]<\/span><\/p>\n","protected":false},"author":2,"featured_media":651,"comment_status":"open","ping_status":"open","sticky":false,"template":"","format":"standard","meta":{"footnotes":""},"categories":[3],"tags":[],"class_list":["post-652","post","type-post","status-publish","format-standard","has-post-thumbnail","hentry","category-noticias"],"_links":{"self":[{"href":"https:\/\/www.sititev.com.br\/index.php?rest_route=\/wp\/v2\/posts\/652","targetHints":{"allow":["GET"]}}],"collection":[{"href":"https:\/\/www.sititev.com.br\/index.php?rest_route=\/wp\/v2\/posts"}],"about":[{"href":"https:\/\/www.sititev.com.br\/index.php?rest_route=\/wp\/v2\/types\/post"}],"author":[{"embeddable":true,"href":"https:\/\/www.sititev.com.br\/index.php?rest_route=\/wp\/v2\/users\/2"}],"replies":[{"embeddable":true,"href":"https:\/\/www.sititev.com.br\/index.php?rest_route=%2Fwp%2Fv2%2Fcomments&post=652"}],"version-history":[{"count":1,"href":"https:\/\/www.sititev.com.br\/index.php?rest_route=\/wp\/v2\/posts\/652\/revisions"}],"predecessor-version":[{"id":653,"href":"https:\/\/www.sititev.com.br\/index.php?rest_route=\/wp\/v2\/posts\/652\/revisions\/653"}],"wp:featuredmedia":[{"embeddable":true,"href":"https:\/\/www.sititev.com.br\/index.php?rest_route=\/wp\/v2\/media\/651"}],"wp:attachment":[{"href":"https:\/\/www.sititev.com.br\/index.php?rest_route=%2Fwp%2Fv2%2Fmedia&parent=652"}],"wp:term":[{"taxonomy":"category","embeddable":true,"href":"https:\/\/www.sititev.com.br\/index.php?rest_route=%2Fwp%2Fv2%2Fcategories&post=652"},{"taxonomy":"post_tag","embeddable":true,"href":"https:\/\/www.sititev.com.br\/index.php?rest_route=%2Fwp%2Fv2%2Ftags&post=652"}],"curies":[{"name":"wp","href":"https:\/\/api.w.org\/{rel}","templated":true}]}}