{"id":643,"date":"2022-04-13T11:56:14","date_gmt":"2022-04-13T11:56:14","guid":{"rendered":"https:\/\/www.sititev.com.br\/?p=643"},"modified":"2022-04-13T11:56:14","modified_gmt":"2022-04-13T11:56:14","slug":"acao-coletiva-multicolor-fgts","status":"publish","type":"post","link":"https:\/\/www.sititev.com.br\/?p=643","title":{"rendered":"A\u00e7\u00e3o Coletiva &#8211; Multicolor &#8211; FGTS"},"content":{"rendered":"\n<p>Conforme definido na assembleia relizada no sabado, dia 09 de abril, constam na tabela os primeiros nomes dos empregados e as iniciais dos demais nomes e sobrenomes (n\u00e3o publicamos o nome completo em raz\u00e3o da Lei LGPD), bem como, a data de admiss\u00e3o e numero do crach\u00e1 para melhor identifica\u00e7\u00e3o.<\/p>\n\n\n\n<p>Na tabela constam os valores que a empresa depositar\u00e1 na conta do FGTS de cada empregado.<\/p>\n\n\n\n<p>Cada empregado, independentemente do per\u00edodo e tempo que trabalhou na empresa dever\u00e1 pegar um extrato anal\u00edtico do FGTS e conferir se os valores depositados conferem com os faltantes em seu extrato anal\u00edtico do FGTS.<\/p>\n\n\n\n<p>Por exemplo, se em seu extrato anal\u00edtico do FGTS consta a aus\u00eancia de 10 meses e na planilha consta que faltam apenas 05 meses, procure o sindicato para que fa\u00e7amos uma confer\u00eancia mais detalhada, e, requerer o pagamento da diferen\u00e7a junto \u00e0 empresa.<\/p>\n\n\n\n<div data-wp-interactive=\"core\/file\" class=\"wp-block-file\"><object data-wp-bind--hidden=\"!state.hasPdfPreview\" hidden class=\"wp-block-file__embed\" data=\"https:\/\/www.sititev.com.br\/wp-content\/uploads\/2022\/04\/FGTS-Multicolor-2.pdf\" type=\"application\/pdf\" style=\"width:100%;height:600px\" aria-label=\"Incorporado de Incorporado de FGTS-Multicolor-2..\"><\/object><a id=\"wp-block-file--media-fdb2156f-ef44-471b-9a25-c0d4bbef823f\" href=\"https:\/\/www.sititev.com.br\/wp-content\/uploads\/2022\/04\/FGTS-Multicolor-2.pdf\">FGTS-Multicolor-2<\/a><a href=\"https:\/\/www.sititev.com.br\/wp-content\/uploads\/2022\/04\/FGTS-Multicolor-2.pdf\" class=\"wp-block-file__button\" download aria-describedby=\"wp-block-file--media-fdb2156f-ef44-471b-9a25-c0d4bbef823f\">Baixar<\/a><\/div>\n","protected":false},"excerpt":{"rendered":"<p>Conforme definido na assembleia relizada no sabado, dia 09 de abril, constam na tabela os primeiros nomes dos empregados e as iniciais dos demais nomes e sobrenomes (n\u00e3o publicamos o<span class=\"excerpt-hellip\"> [\u2026]<\/span><\/p>\n","protected":false},"author":2,"featured_media":641,"comment_status":"open","ping_status":"open","sticky":false,"template":"","format":"standard","meta":{"footnotes":""},"categories":[3],"tags":[],"class_list":["post-643","post","type-post","status-publish","format-standard","has-post-thumbnail","hentry","category-noticias"],"_links":{"self":[{"href":"https:\/\/www.sititev.com.br\/index.php?rest_route=\/wp\/v2\/posts\/643","targetHints":{"allow":["GET"]}}],"collection":[{"href":"https:\/\/www.sititev.com.br\/index.php?rest_route=\/wp\/v2\/posts"}],"about":[{"href":"https:\/\/www.sititev.com.br\/index.php?rest_route=\/wp\/v2\/types\/post"}],"author":[{"embeddable":true,"href":"https:\/\/www.sititev.com.br\/index.php?rest_route=\/wp\/v2\/users\/2"}],"replies":[{"embeddable":true,"href":"https:\/\/www.sititev.com.br\/index.php?rest_route=%2Fwp%2Fv2%2Fcomments&post=643"}],"version-history":[{"count":1,"href":"https:\/\/www.sititev.com.br\/index.php?rest_route=\/wp\/v2\/posts\/643\/revisions"}],"predecessor-version":[{"id":645,"href":"https:\/\/www.sititev.com.br\/index.php?rest_route=\/wp\/v2\/posts\/643\/revisions\/645"}],"wp:featuredmedia":[{"embeddable":true,"href":"https:\/\/www.sititev.com.br\/index.php?rest_route=\/wp\/v2\/media\/641"}],"wp:attachment":[{"href":"https:\/\/www.sititev.com.br\/index.php?rest_route=%2Fwp%2Fv2%2Fmedia&parent=643"}],"wp:term":[{"taxonomy":"category","embeddable":true,"href":"https:\/\/www.sititev.com.br\/index.php?rest_route=%2Fwp%2Fv2%2Fcategories&post=643"},{"taxonomy":"post_tag","embeddable":true,"href":"https:\/\/www.sititev.com.br\/index.php?rest_route=%2Fwp%2Fv2%2Ftags&post=643"}],"curies":[{"name":"wp","href":"https:\/\/api.w.org\/{rel}","templated":true}]}}